{"id":35,"date":"2018-11-18T09:31:26","date_gmt":"2018-11-18T08:31:26","guid":{"rendered":"http:\/\/www.enimerosi.de\/?p=35"},"modified":"2018-12-01T09:17:56","modified_gmt":"2018-12-01T08:17:56","slug":"24-%ce%bd%ce%bf%ce%b5%ce%bc%ce%b2%cf%81%ce%af%ce%bf%cf%85-2018-%ce%b5%ce%bb%ce%bb%ce%b7%ce%bd%ce%b9%ce%ba%ce%ae-%ce%ba%ce%b1%ce%bb%ce%bb%ce%b9%cf%84%ce%b5%cf%87%ce%bd%ce%b9%ce%ba%ce%ae-%ce%bb%ce%ad","status":"publish","type":"post","link":"https:\/\/www.enimerosi.de\/?p=35","title":{"rendered":"22 \u039d\u03bf\u03b5\u03bc\u03b2\u03c1\u03af\u03bf\u03c5 2018 &#8211; \u0395\u03bb\u03bb\u03b7\u03bd\u03b9\u03ba\u03ae \u039a\u03b1\u03bb\u03bb\u03b9\u03c4\u03b5\u03c7\u03bd\u03b9\u03ba\u03ae \u039b\u03ad\u03c3\u03c7\u03b7"},"content":{"rendered":"<ol>\n<li><strong>Pressemitteilung 29.10.2018<\/strong><\/li>\n<\/ol>\n<p><strong>2018 finden die Griechischen Filmtage zum sechsten Mal in N\u00fcrnberg statt.<\/strong><\/p>\n<p>Die 6. Edition der Griechischen Filmtage N\u00fcrnberg bietet vom 22. bis zum 25. November aktuelle Filme hervorragender griechischer Regisseure. Neu ist der Austragungsort: das Rio Palast, das mit seinem charmanten 50er Jahre-Flair bis heute als Kino in Gostenhof erhalten geblieben ist, \u00f6ffnet seine Pforten um die Griechischen Filmtage zu beherbergen. Vier Tage lang wird das Rio Palast zum lebendigen Festivalzentrum, und der Griechische Kunstclub e.V. l\u00e4dt ein, gemeinsam Kultur zu erleben und mit den griechischen Filmemachern in direktem Austausch zu treten.<\/p>\n<p>Ein Thema steht besonders im Focus der diesj\u00e4hrigen Filmtage: Migration in Europa. Das Thema ist hochaktuell, wird in ganz Europa diskutiert und spiegelt sich auch in griechischen Filmen wider. Emigration und Immigration sind Teile griechischer Geschichte und die j\u00fcngste Vergangenheit stellte diese zwei Begriffe umso mehr in den Vordergrund. Filmemacher aus Griechenland halten diese Realit\u00e4t auf Film fest und er\u00f6ffnen dem deutschen Publikum die griechische Perspektive.<\/p>\n<p>Auch in diesem Jahr begleiten Talks und musikalische Events das Festivalprogramm \u2013 die 6. Ausgabe bietet dar\u00fcber hinaus eine Ausstellung von Filmplakaten.<\/p>\n<p>Das ausf\u00fchrliche Filmprogramm der 6. Griechischen Filmtage N\u00fcrnberg wird Anfang November ver\u00f6ffentlicht.<\/p>\n<p>Wir halten Sie auf dem Laufenden!<\/p>\n<ol start=\"6\">\n<li><strong> Griechische Filmtage N\u00fcrnberg<\/strong><\/li>\n<\/ol>\n<p><strong>22.-25. November 2018 im Rio Palast Gostenhof<\/strong><\/p>\n<p><strong><a href=\"http:\/\/www.griechische-filmtage-nbg.de\/\">http:\/\/www.griechische-filmtage-nbg.de<\/a><\/strong><\/p>\n<p><u>info@griechische-filmtage-nbg.de<\/u><\/p>\n<p><strong><a href=\"http:\/\/griechischerkunstclub.com\/\">http:\/\/griechischerkunstclub.com\/<\/a><\/strong><\/p>\n<p><strong><u>Festivalleitung \/ Pressekontakt<\/u><\/strong><\/p>\n<p><strong>Dr. Elene Psoma<\/strong><\/p>\n<p><strong>Tel.: 0176 21402274<\/strong><\/p>\n<p><strong><u>Festivalinfos<\/u><\/strong><\/p>\n<p>Kino: Rio Palast<\/p>\n<p>F\u00fcrther Strasse 61<\/p>\n<p>90429 N\u00fcrnberg<\/p>\n<p>U-Bahn Halterstelle Gostenhof, U1<\/p>\n<p><strong><u>Kino-Tickets:<\/u><\/strong> 7 \u20ac \/ 5 \u20ac erm\u00e4\u00dfigt<\/p>\n","protected":false},"excerpt":{"rendered":"<p>Pressemitteilung 29.10.2018 2018 finden die Griechischen Filmtage zum sechsten Mal in N\u00fcrnberg statt. Die 6. Edition der Griechischen Filmtage N\u00fcrnberg bietet vom 22. bis zum 25. November aktuelle Filme hervorragender griechischer Regisseure. Neu ist der Austragungsort: das Rio Palast, das mit seinem charmanten 50er Jahre-Flair bis heute als Kino in Gostenhof erhalten geblieben ist, \u00f6ffnet [&hellip;]<\/p>\n","protected":false},"author":1,"featured_media":120,"comment_status":"closed","ping_status":"closed","sticky":false,"template":"","format":"standard","meta":{"footnotes":""},"categories":[4],"tags":[],"class_list":["post-35","post","type-post","status-publish","format-standard","has-post-thumbnail","hentry","category-4"],"_links":{"self":[{"href":"https:\/\/www.enimerosi.de\/index.php?rest_route=\/wp\/v2\/posts\/35","targetHints":{"allow":["GET"]}}],"collection":[{"href":"https:\/\/www.enimerosi.de\/index.php?rest_route=\/wp\/v2\/posts"}],"about":[{"href":"https:\/\/www.enimerosi.de\/index.php?rest_route=\/wp\/v2\/types\/post"}],"author":[{"embeddable":true,"href":"https:\/\/www.enimerosi.de\/index.php?rest_route=\/wp\/v2\/users\/1"}],"replies":[{"embeddable":true,"href":"https:\/\/www.enimerosi.de\/index.php?rest_route=%2Fwp%2Fv2%2Fcomments&post=35"}],"version-history":[{"count":3,"href":"https:\/\/www.enimerosi.de\/index.php?rest_route=\/wp\/v2\/posts\/35\/revisions"}],"predecessor-version":[{"id":121,"href":"https:\/\/www.enimerosi.de\/index.php?rest_route=\/wp\/v2\/posts\/35\/revisions\/121"}],"wp:featuredmedia":[{"embeddable":true,"href":"https:\/\/www.enimerosi.de\/index.php?rest_route=\/wp\/v2\/media\/120"}],"wp:attachment":[{"href":"https:\/\/www.enimerosi.de\/index.php?rest_route=%2Fwp%2Fv2%2Fmedia&parent=35"}],"wp:term":[{"taxonomy":"category","embeddable":true,"href":"https:\/\/www.enimerosi.de\/index.php?rest_route=%2Fwp%2Fv2%2Fcategories&post=35"},{"taxonomy":"post_tag","embeddable":true,"href":"https:\/\/www.enimerosi.de\/index.php?rest_route=%2Fwp%2Fv2%2Ftags&post=35"}],"curies":[{"name":"wp","href":"https:\/\/api.w.org\/{rel}","templated":true}]}}